{"id":2692,"date":"2023-06-14T09:14:47","date_gmt":"2023-06-14T07:14:47","guid":{"rendered":"https:\/\/www.preben.eus\/2023\/06\/14\/curso-de-verano-digitalizacion-y-gestion-avanzada-del-conocimiento-para-la-generacion-de-entornos-3s-en-la-cadena-de-valor-de-la-alimentacion-y-la-madera\/"},"modified":"2023-06-14T09:21:33","modified_gmt":"2023-06-14T07:21:33","slug":"udako-ikastaroa-digitalizazioa-eta-ezagutzaren-kudeaketa-aurreratua-elikaduraren-eta-zuraren-balio-katean-3s-inguruneak-sortzeko","status":"publish","type":"post","link":"https:\/\/www.preben.eus\/eu\/2023\/06\/14\/udako-ikastaroa-digitalizazioa-eta-ezagutzaren-kudeaketa-aurreratua-elikaduraren-eta-zuraren-balio-katean-3s-inguruneak-sortzeko\/","title":{"rendered":"UDAKO IKASTAROA. Digitalizazioa eta ezagutzaren kudeaketa aurreratua, elikaduraren eta zuraren balio-katean 3S inguruneak sortzeko"},"content":{"rendered":"\n<p>2023ko <strong>uztailaren 20an <\/strong>Euskadipreben Udako Ikastaroaren hirugarren edizioa egingo da <strong>Miramar Jauregian.<\/strong> Donostia-San Sebasti\u00e1n (Gipuzkoa).<\/p>\n\n\n\n<p>Ikastaroa l<strong>ehen sektoreari lotutako aldaketa teknologiko eta industrialean<\/strong> eta kudeatu beharreko arrisku berrien agerpenean oinarrituko da. Era berean, erne egoten lagunduko diguten tresna berriak diseinatzeko eta arrisku-egoera berriei modu eraginkorrean aurre egingo dieten politikak eta jarduerak ezartzeko beharrari helduko zaio.<\/p>\n\n\n\n<p>Hauek dira progrma osatzen duten mahainguruetariko batzuk: <\/p>\n\n\n\n<ul><li>\u00abInvestigaci\u00f3n, Ciencia e Innovaci\u00f3n en \u00e1mbitos de prevenci\u00f3n de riesgos laborales y entornos de trabajo, recorrido y oportunidades de desarrollo\u201c<\/li><li>\u201cRedes de conocimiento, transferencia y sistemas de intercambio de conocimiento responsable y \u00fatil para una gobernanza eficaz de los riesgos laborales\u201c<\/li><li>\u00abCapacitaci\u00f3n y formaci\u00f3n en seguridad y salud laboral mediante simuladores virtuales. Entorno agroforestal\u201c<\/li><li>\u201cSistemas de monitorizaci\u00f3n, IoT, sensorizaci\u00f3n y gemelos virtuales para la mejora de la seguridad y salud en actividades pesqueras\u201c<\/li><\/ul>\n\n\n\n<figure class=\"wp-block-table\"><table><tbody><tr><td><strong>Presentziala eta online<\/strong><br>Ordutegia:<strong> 9:00etatik 14:00<\/strong>etara<br><strong>Aldez aurretik izana ematea ezinbestekoa da<\/strong><\/td><\/tr><tr><td><a rel=\"noreferrer noopener\" href=\"https:\/\/www.uik.eus\/es\/curso\/digitalizacion-gestion-avanzada-del-conocimiento-generacion-entornos-3s-cadena-valor\" target=\"_blank\"><strong> Izena eman > <\/strong><\/a><br><a rel=\"noreferrer noopener\" href=\"https:\/\/www.uik.eus\/es\/curso\/digitalizacion-gestion-avanzada-del-conocimiento-generacion-entornos-3s-cadena-valor\" target=\"_blank\"><strong>Egitarau guztia ikusi<\/strong><\/a><\/td><\/tr><\/tbody><\/table><\/figure>\n","protected":false},"excerpt":{"rendered":"<p>2023ko uztailaren 20an Euskadipreben Udako Ikastaroaren hirugarren edizioa egingo da Miramar Jauregian. Donostia-San Sebasti\u00e1n (Gipuzkoa). Ikastaroa lehen sektoreari lotutako aldaketa teknologiko eta industrialean eta kudeatu beharreko arrisku berrien agerpenean oinarrituko da. Era berean, erne egoten lagunduko diguten tresna berriak diseinatzeko eta arrisku-egoera berriei modu eraginkorrean aurre egingo dieten politikak eta jarduerak ezartzeko beharrari helduko zaio.&hellip;&nbsp;<a href=\"https:\/\/www.preben.eus\/eu\/2023\/06\/14\/udako-ikastaroa-digitalizazioa-eta-ezagutzaren-kudeaketa-aurreratua-elikaduraren-eta-zuraren-balio-katean-3s-inguruneak-sortzeko\/\" rel=\"bookmark\">Leer m\u00e1s &raquo;<span class=\"screen-reader-text\">UDAKO IKASTAROA. Digitalizazioa eta ezagutzaren kudeaketa aurreratua, elikaduraren eta zuraren balio-katean 3S inguruneak sortzeko<\/span><\/a><\/p>\n","protected":false},"author":2,"featured_media":2690,"comment_status":"open","ping_status":"open","sticky":false,"template":"","format":"standard","meta":{"neve_meta_sidebar":"","neve_meta_container":"","neve_meta_enable_content_width":"","neve_meta_content_width":0,"neve_meta_title_alignment":"","neve_meta_author_avatar":"","neve_post_elements_order":"","neve_meta_disable_header":"","neve_meta_disable_footer":"","neve_meta_disable_title":"","_themeisle_gutenberg_block_has_review":false},"categories":[1],"tags":[],"_links":{"self":[{"href":"https:\/\/www.preben.eus\/eu\/wp-json\/wp\/v2\/posts\/2692\/"}],"collection":[{"href":"https:\/\/www.preben.eus\/eu\/wp-json\/wp\/v2\/posts\/"}],"about":[{"href":"https:\/\/www.preben.eus\/eu\/wp-json\/wp\/v2\/types\/post\/"}],"author":[{"embeddable":true,"href":"https:\/\/www.preben.eus\/eu\/wp-json\/wp\/v2\/users\/2\/"}],"replies":[{"embeddable":true,"href":"https:\/\/www.preben.eus\/eu\/wp-json\/wp\/v2\/comments\/?post=2692"}],"version-history":[{"count":1,"href":"https:\/\/www.preben.eus\/eu\/wp-json\/wp\/v2\/posts\/2692\/revisions\/"}],"predecessor-version":[{"id":2694,"href":"https:\/\/www.preben.eus\/eu\/wp-json\/wp\/v2\/posts\/2692\/revisions\/2694\/"}],"wp:featuredmedia":[{"embeddable":true,"href":"https:\/\/www.preben.eus\/eu\/wp-json\/wp\/v2\/media\/2690\/"}],"wp:attachment":[{"href":"https:\/\/www.preben.eus\/eu\/wp-json\/wp\/v2\/media\/?parent=2692"}],"wp:term":[{"taxonomy":"category","embeddable":true,"href":"https:\/\/www.preben.eus\/eu\/wp-json\/wp\/v2\/categories\/?post=2692"},{"taxonomy":"post_tag","embeddable":true,"href":"https:\/\/www.preben.eus\/eu\/wp-json\/wp\/v2\/tags\/?post=2692"}],"curies":[{"name":"wp","href":"https:\/\/api.w.org\/{rel}","templated":true}]}}